{"id":1167,"date":"2024-11-11T12:25:33","date_gmt":"2024-11-11T12:25:33","guid":{"rendered":"https:\/\/united-in-pace.com\/?p=1167"},"modified":"2024-11-22T13:37:54","modified_gmt":"2024-11-22T13:37:54","slug":"mein-erster-langdistanz-triathlon-2025-der-trainingsbeginn","status":"publish","type":"post","link":"https:\/\/united-in-pace.com\/de\/mein-erster-langdistanz-triathlon-2025-der-trainingsbeginn\/","title":{"rendered":"Mein erster Langdistanz-Triathlon 2025 - Der Anfang"},"content":{"rendered":"<p>Es ist der 11. November 2025, zwei Wochen nach Beginn der Saison. Es sind noch 34 Wochen bis zum Challenge Roth. Meine Vorbereitung auf meine erste Langdistanz beginnt. Nach der Entt\u00e4uschung beim Frankfurt Marathon sind die Wunden noch nicht ganz geleckt und das Ergebnis \u00e4rgert mich immer noch. Trotzdem bin ich motiviert und freue mich auf den Prozess. Noch nie habe ich so viel Zeit mit der Vorbereitung auf ein Ereignis verbracht.<\/p>\n\n\n\n<p>Lies hier \u00fcber meinen ersten Mitteldistanz-Triathlon: <a href=\"https:\/\/united-in-pace.com\/de\/mitteldistanz-triathlon-sub-4-45h\/\">Mein erster Mitteldistanz-Triathlon (Sub 4:45h)<\/a><\/p>\n\n\n\n<div style=\"height:20px\" aria-hidden=\"true\" class=\"wp-block-spacer\"><\/div>\n\n\n\n<h2 class=\"wp-block-heading has-large-font-size\"><strong>Das Ziel:<\/strong><\/h2>\n\n\n\n<p><mark style=\"background-color:rgba(0, 0, 0, 0);color:#ff0000\" class=\"has-inline-color\"><strong>Herausforderung Roth 06.07.20<\/strong><\/mark><strong><mark style=\"background-color:rgba(0, 0, 0, 0);color:#ff0000\" class=\"has-inline-color\">25<\/mark><\/strong><\/p>\n\n\n\n<p><strong>Traumziel: Sub 9:30h<br>Realistisches Ziel: 9:30-10h<br>Minimales Ziel: Beenden<\/strong><\/p>\n\n\n\n<div style=\"height:13px\" aria-hidden=\"true\" class=\"wp-block-spacer\"><\/div>\n\n\n\n<p><strong>SCHWIMMEN: 1:10h 1:51min\/100m<\/strong><br><strong>BIKE: 5:05h - 35,5km\/h<\/strong><br><strong>LAUF: 3:10h - 4:31min\/km<\/strong><\/p>\n\n\n\n<div style=\"height:20px\" aria-hidden=\"true\" class=\"wp-block-spacer\"><\/div>\n\n\n\n<h2 class=\"wp-block-heading has-large-font-size\"><strong>Trainingsplan: Trainer, Online-Trainingsplan oder eigenen Plan erstellen?<\/strong><\/h2>\n\n\n\n<p>Zu Beginn dieses Projekts stellte ich mir die Frage, ob ich meinen eigenen Trainingsplan aufstellen oder nach einem gekauften Trainingsplan trainieren oder sogar einen Trainer engagieren sollte, der mein Training erstellt und mir hilft, mein geplantes Ziel zu erreichen.<\/p>\n\n\n\n<p>Einerseits ist ein gekaufter Trainingsplan nicht sehr individuell, aber er bietet eine gute Trainingsstruktur und erm\u00f6glicht es dir, dich schrittweise zu steigern.<\/p>\n\n\n\n<p>Ein Trainer ist zwar teuer, aber du kannst dich auf seine Erfahrung verlassen. Beim Langdistanz-Triathlon geht es meiner Meinung nach vor allem darum, gr\u00f6\u00dfere Fehler zu vermeiden. Und genau daf\u00fcr kann ein Coach gut sein.<\/p>\n\n\n\n<p>Die Erstellung eines eigenen Triathlon-Trainingsplans ist sehr knifflig und erfordert viel Know-how. Eine Frage, die ich mir stellte, war, welches Training ich absolvieren muss, um das Ziel zu erreichen, das ich mir gesetzt hatte.<\/p>\n\n\n\n<figure class=\"wp-block-table\"><table><tbody><tr><td><strong>Trainer<\/strong><\/td><td><strong>Individueller \/ selbst erstellter Trainingsplan<\/strong><\/td><td><strong>Gekauft \/ Online Trainingsplan<\/strong><\/td><\/tr><tr><td><mark style=\"background-color:rgba(0, 0, 0, 0);color:#26c600\" class=\"has-inline-color\"><strong>Vorteile:<\/strong><\/mark><br>+ Individueller Trainingsplan<br>+ Zugang zur Erfahrung des Coaches<br>+ Vom Trainer lernen<br>+ Feedback zum Ausbildungsprozess<br><br><mark style=\"background-color:rgba(0, 0, 0, 0);color:#ff0000\" class=\"has-inline-color\"><strong>Nachteile:<\/strong><\/mark> <br>- Hohe Kosten<br>- Das Hinterfragen der Trainingseinheiten kann vernachl\u00e4ssigt werden<br>- Druck, dem Trainer gerecht zu werden<br><\/td><td><strong><mark style=\"background-color:rgba(0, 0, 0, 0);color:#26c600\" class=\"has-inline-color\">Vorteile:<\/mark><\/strong><br>+ Aus deinen eigenen Erfahrungen und Fehlern lernen<br>+ Hinterfragen der eigenen Trainingseinheiten<br><br><mark style=\"background-color:rgba(0, 0, 0, 0);color:#ff0000\" class=\"has-inline-color\"><strong>Nachteile:<\/strong><\/mark> <br>- Vorherige Erfahrung erforderlich<br>- Hoher Zeitaufwand f\u00fcr die Ausbildungsplanung<br>- Reflexion des Trainingsprozesses mit einer zweiten Person<br><\/td><td><strong><mark style=\"background-color:rgba(0, 0, 0, 0);color:#26c600\" class=\"has-inline-color\">Vorteile:<\/mark><\/strong><br>+ bereits erprobter und bew\u00e4hrter Trainingsplan<br>+ Progressive Struktur<br><br><mark style=\"background-color:rgba(0, 0, 0, 0);color:#ff0000\" class=\"has-inline-color\"><strong>Nachteile:<\/strong><\/mark> <br>- Kostenaufwand<br>- Druck, Sitzungen nach Plan durchzuf\u00fchren<\/td><\/tr><\/tbody><\/table><\/figure>\n\n\n\n<p>So kam ich zu dem Schluss, dass es f\u00fcr mich am besten ist, nach einem Online-Trainingsplan zu trainieren. Nat\u00fcrlich kann man immer zus\u00e4tzliche Trainingseinheiten einbauen, wenn man es f\u00fcr richtig h\u00e4lt. Ich habe mich f\u00fcr die Pl\u00e4ne entschieden, die von <a href=\"https:\/\/pushinglimits.club\/\">Grenzen verschieben<\/a>, die von Profi-Triathlon-Trainer Nils G\u00f6rke geschrieben werden. Du kannst die Pl\u00e4ne als Anf\u00e4nger, Fortgeschrittener oder Profi nutzen und zahlst daf\u00fcr eine monatliche Geb\u00fchr von 19,99 \u20ac. Ein fairer Preis, wie ich finde.<\/p>\n\n\n\n<p>Der Trainingsplan ist in drei Phasen zu je 12 Wochen unterteilt: 12 Wochen Basis, 12 Wochen Aufbau, 12 Wochen H\u00f6hepunkt. Da ich keine 36 Wochen mehr zur Verf\u00fcgung habe, habe ich den Plan in Woche 3 begonnen.<\/p>\n\n\n\n<div style=\"height:20px\" aria-hidden=\"true\" class=\"wp-block-spacer\"><\/div>\n\n\n\n<h2 class=\"wp-block-heading has-large-font-size\"><strong>Saisonplanung<\/strong><\/h2>\n\n\n\n<h3 class=\"wp-block-heading has-medium-font-size\"><strong>Trainingslager<\/strong>:<\/h3>\n\n\n\n<p>Wie jedes Jahr wird es im April ein ein- bis zweiw\u00f6chiges Trainingslager auf Mallorca geben.<br><\/p>\n\n\n\n<h3 class=\"wp-block-heading has-medium-font-size\"><strong>Wettbewerbe vor:<\/strong><\/h3>\n\n\n\n<p>25.05.2025 Steinfurt Triathlon - Mitteldistanz (2000 m - 80 km - 20 km)<br>Voraussichtlich: 22.06.2025 Ironman 70.3 Westfriesland (zwei Wochen vor Roth)<\/p>\n\n\n\n<div style=\"height:20px\" aria-hidden=\"true\" class=\"wp-block-spacer\"><\/div>\n\n\n\n<h2 class=\"wp-block-heading has-large-font-size\"><strong>Fernstudium neben dem Job<\/strong><\/h2>\n\n\n\n<p>Ich werde ab n\u00e4chstem Jahr 35 Stunden pro Woche arbeiten. Da ich in den letzten Jahren 40 Stunden pro Woche gearbeitet habe, hoffe ich, dass ich mit den zus\u00e4tzlichen 5 Stunden mehr Zeit f\u00fcr meine Ausbildung habe.<\/p>\n\n\n\n<p>Der Plan f\u00fcr Fortgeschrittene umfasst in der Regel 12-14 Stunden Training pro Woche in der Basis- und Aufbauphase. In der Hochphase sogar bis zu 17 Stunden. Fr\u00fcher habe ich oft nicht mehr als 10 Stunden pro Woche trainiert, wobei der Gro\u00dfteil meines Trainings aus Laufen bestand.<\/p>\n\n\n\n<p>Wir werden sehen, wie ich mit diesen Mengen in den n\u00e4chsten Monaten zurechtkomme. Die Pl\u00e4ne sehen in der Regel drei Schwimmeinheiten pro Woche vor. Wahrscheinlich werde ich eine Einheit pro Woche streichen, denn der Aufwand und die Kosten von 5 \u20ac f\u00fcr einen Hallenbadeintritt sind mir zu hoch.<\/p>\n\n\n\n<div style=\"height:20px\" aria-hidden=\"true\" class=\"wp-block-spacer\"><\/div>\n\n\n\n<p>In den n\u00e4chsten Wochen werde ich mich wieder auf einige langstreckenspezifische Themen konzentrieren und \u00fcber den Stand meines Trainings berichten.<\/p>\n\n\n\n<p><br><\/p>","protected":false},"excerpt":{"rendered":"<p>It&#8217;s November 11, 2025, two weeks into the season. There are 34 weeks to go until Challenge Roth. My preparation for my first long distance starts. After the disappointment of the Frankfurt Marathon, the wounds are not yet fully licked and the result still annoys me. Nevertheless, I am motivated and looking forward to the [&hellip;]<\/p>\n","protected":false},"author":1,"featured_media":1410,"comment_status":"open","ping_status":"open","sticky":false,"template":"","format":"standard","meta":{"om_disable_all_campaigns":false,"_monsterinsights_skip_tracking":false,"_monsterinsights_sitenote_active":false,"_monsterinsights_sitenote_note":"","_monsterinsights_sitenote_category":0,"_wp_convertkit_post_meta":{"form":"-1","landing_page":"","tag":"0","restrict_content":"0"},"footnotes":""},"categories":[7],"tags":[],"class_list":["post-1167","post","type-post","status-publish","format-standard","has-post-thumbnail","hentry","category-athletes-corner"],"yoast_head":"<!-- This site is optimized with the Yoast SEO plugin v27.5 - https:\/\/yoast.com\/product\/yoast-seo-wordpress\/ -->\n<title>My first long distance triathlon 2025 - The beginning | UNITED IN PACE<\/title>\n<meta name=\"robots\" content=\"index, follow, max-snippet:-1, max-image-preview:large, max-video-preview:-1\" \/>\n<link rel=\"canonical\" href=\"https:\/\/united-in-pace.com\/de\/mein-erster-langdistanz-triathlon-2025-der-trainingsbeginn\/\" \/>\n<meta property=\"og:locale\" content=\"de_DE\" \/>\n<meta property=\"og:type\" content=\"article\" \/>\n<meta property=\"og:title\" content=\"My first long distance triathlon 2025 - The beginning | UNITED IN PACE\" \/>\n<meta property=\"og:description\" content=\"It&#8217;s November 11, 2025, two weeks into the season. There are 34 weeks to go until Challenge Roth. My preparation for my first long distance starts. After the disappointment of the Frankfurt Marathon, the wounds are not yet fully licked and the result still annoys me. Nevertheless, I am motivated and looking forward to the [&hellip;]\" \/>\n<meta property=\"og:url\" content=\"https:\/\/united-in-pace.com\/de\/mein-erster-langdistanz-triathlon-2025-der-trainingsbeginn\/\" \/>\n<meta property=\"og:site_name\" content=\"UNITED IN PACE\" \/>\n<meta property=\"article:published_time\" content=\"2024-11-11T12:25:33+00:00\" \/>\n<meta property=\"article:modified_time\" content=\"2024-11-22T13:37:54+00:00\" \/>\n<meta property=\"og:image\" content=\"https:\/\/united-in-pace.com\/wp-content\/uploads\/2024\/11\/thebeginning-challenge-roth-longdistance-triathlon.png\" \/>\n\t<meta property=\"og:image:width\" content=\"250\" \/>\n\t<meta property=\"og:image:height\" content=\"250\" \/>\n\t<meta property=\"og:image:type\" content=\"image\/png\" \/>\n<meta name=\"author\" content=\"Jan\" \/>\n<meta name=\"twitter:card\" content=\"summary_large_image\" \/>\n<meta name=\"twitter:label1\" content=\"Verfasst von\" \/>\n\t<meta name=\"twitter:data1\" content=\"Jan\" \/>\n\t<meta name=\"twitter:label2\" content=\"Gesch\u00e4tzte Lesezeit\" \/>\n\t<meta name=\"twitter:data2\" content=\"4\u00a0Minuten\" \/>\n<script type=\"application\/ld+json\" class=\"yoast-schema-graph\">{\"@context\":\"https:\\\/\\\/schema.org\",\"@graph\":[{\"@type\":\"Article\",\"@id\":\"https:\\\/\\\/united-in-pace.com\\\/my-first-long-distance-triathlon-2025-the-beginning\\\/#article\",\"isPartOf\":{\"@id\":\"https:\\\/\\\/united-in-pace.com\\\/my-first-long-distance-triathlon-2025-the-beginning\\\/\"},\"author\":{\"name\":\"Jan\",\"@id\":\"https:\\\/\\\/united-in-pace.com\\\/#\\\/schema\\\/person\\\/34ccc9181a3cf546c71330e5cce4e11d\"},\"headline\":\"My first long distance triathlon 2025 &#8211; The beginning\",\"datePublished\":\"2024-11-11T12:25:33+00:00\",\"dateModified\":\"2024-11-22T13:37:54+00:00\",\"mainEntityOfPage\":{\"@id\":\"https:\\\/\\\/united-in-pace.com\\\/my-first-long-distance-triathlon-2025-the-beginning\\\/\"},\"wordCount\":743,\"commentCount\":0,\"publisher\":{\"@id\":\"https:\\\/\\\/united-in-pace.com\\\/#organization\"},\"image\":{\"@id\":\"https:\\\/\\\/united-in-pace.com\\\/my-first-long-distance-triathlon-2025-the-beginning\\\/#primaryimage\"},\"thumbnailUrl\":\"https:\\\/\\\/i0.wp.com\\\/united-in-pace.com\\\/wp-content\\\/uploads\\\/2024\\\/11\\\/thebeginning-challenge-roth-longdistance-triathlon.png?fit=250%2C250&ssl=1\",\"articleSection\":[\"Athlete's Corner\"],\"inLanguage\":\"de\",\"potentialAction\":[{\"@type\":\"CommentAction\",\"name\":\"Comment\",\"target\":[\"https:\\\/\\\/united-in-pace.com\\\/my-first-long-distance-triathlon-2025-the-beginning\\\/#respond\"]}]},{\"@type\":\"WebPage\",\"@id\":\"https:\\\/\\\/united-in-pace.com\\\/my-first-long-distance-triathlon-2025-the-beginning\\\/\",\"url\":\"https:\\\/\\\/united-in-pace.com\\\/my-first-long-distance-triathlon-2025-the-beginning\\\/\",\"name\":\"My first long distance triathlon 2025 - The beginning | UNITED IN PACE\",\"isPartOf\":{\"@id\":\"https:\\\/\\\/united-in-pace.com\\\/#website\"},\"primaryImageOfPage\":{\"@id\":\"https:\\\/\\\/united-in-pace.com\\\/my-first-long-distance-triathlon-2025-the-beginning\\\/#primaryimage\"},\"image\":{\"@id\":\"https:\\\/\\\/united-in-pace.com\\\/my-first-long-distance-triathlon-2025-the-beginning\\\/#primaryimage\"},\"thumbnailUrl\":\"https:\\\/\\\/i0.wp.com\\\/united-in-pace.com\\\/wp-content\\\/uploads\\\/2024\\\/11\\\/thebeginning-challenge-roth-longdistance-triathlon.png?fit=250%2C250&ssl=1\",\"datePublished\":\"2024-11-11T12:25:33+00:00\",\"dateModified\":\"2024-11-22T13:37:54+00:00\",\"breadcrumb\":{\"@id\":\"https:\\\/\\\/united-in-pace.com\\\/my-first-long-distance-triathlon-2025-the-beginning\\\/#breadcrumb\"},\"inLanguage\":\"de\",\"potentialAction\":[{\"@type\":\"ReadAction\",\"target\":[\"https:\\\/\\\/united-in-pace.com\\\/my-first-long-distance-triathlon-2025-the-beginning\\\/\"]}]},{\"@type\":\"ImageObject\",\"inLanguage\":\"de\",\"@id\":\"https:\\\/\\\/united-in-pace.com\\\/my-first-long-distance-triathlon-2025-the-beginning\\\/#primaryimage\",\"url\":\"https:\\\/\\\/i0.wp.com\\\/united-in-pace.com\\\/wp-content\\\/uploads\\\/2024\\\/11\\\/thebeginning-challenge-roth-longdistance-triathlon.png?fit=250%2C250&ssl=1\",\"contentUrl\":\"https:\\\/\\\/i0.wp.com\\\/united-in-pace.com\\\/wp-content\\\/uploads\\\/2024\\\/11\\\/thebeginning-challenge-roth-longdistance-triathlon.png?fit=250%2C250&ssl=1\",\"width\":250,\"height\":250,\"caption\":\"Long distance triathlon\"},{\"@type\":\"BreadcrumbList\",\"@id\":\"https:\\\/\\\/united-in-pace.com\\\/my-first-long-distance-triathlon-2025-the-beginning\\\/#breadcrumb\",\"itemListElement\":[{\"@type\":\"ListItem\",\"position\":1,\"name\":\"Home\",\"item\":\"https:\\\/\\\/united-in-pace.com\\\/\"},{\"@type\":\"ListItem\",\"position\":2,\"name\":\"My first long distance triathlon 2025 &#8211; The beginning\"}]},{\"@type\":\"WebSite\",\"@id\":\"https:\\\/\\\/united-in-pace.com\\\/#website\",\"url\":\"https:\\\/\\\/united-in-pace.com\\\/\",\"name\":\"UNITED IN PACE\",\"description\":\"Supporting ambitious athletes\",\"publisher\":{\"@id\":\"https:\\\/\\\/united-in-pace.com\\\/#organization\"},\"potentialAction\":[{\"@type\":\"SearchAction\",\"target\":{\"@type\":\"EntryPoint\",\"urlTemplate\":\"https:\\\/\\\/united-in-pace.com\\\/?s={search_term_string}\"},\"query-input\":{\"@type\":\"PropertyValueSpecification\",\"valueRequired\":true,\"valueName\":\"search_term_string\"}}],\"inLanguage\":\"de\"},{\"@type\":\"Organization\",\"@id\":\"https:\\\/\\\/united-in-pace.com\\\/#organization\",\"name\":\"UNITED IN PACE\",\"url\":\"https:\\\/\\\/united-in-pace.com\\\/\",\"logo\":{\"@type\":\"ImageObject\",\"inLanguage\":\"de\",\"@id\":\"https:\\\/\\\/united-in-pace.com\\\/#\\\/schema\\\/logo\\\/image\\\/\",\"url\":\"https:\\\/\\\/i0.wp.com\\\/united-in-pace.com\\\/wp-content\\\/uploads\\\/2024\\\/08\\\/united-in-pace.png?fit=3376%2C3078&ssl=1\",\"contentUrl\":\"https:\\\/\\\/i0.wp.com\\\/united-in-pace.com\\\/wp-content\\\/uploads\\\/2024\\\/08\\\/united-in-pace.png?fit=3376%2C3078&ssl=1\",\"width\":3376,\"height\":3078,\"caption\":\"UNITED IN PACE\"},\"image\":{\"@id\":\"https:\\\/\\\/united-in-pace.com\\\/#\\\/schema\\\/logo\\\/image\\\/\"}},{\"@type\":\"Person\",\"@id\":\"https:\\\/\\\/united-in-pace.com\\\/#\\\/schema\\\/person\\\/34ccc9181a3cf546c71330e5cce4e11d\",\"name\":\"Jan\",\"image\":{\"@type\":\"ImageObject\",\"inLanguage\":\"de\",\"@id\":\"https:\\\/\\\/secure.gravatar.com\\\/avatar\\\/2072e89d7c16a2d65aefa8c1cb5219796cb238afe7019634991089d4f2bd0589?s=96&d=mm&r=g\",\"url\":\"https:\\\/\\\/secure.gravatar.com\\\/avatar\\\/2072e89d7c16a2d65aefa8c1cb5219796cb238afe7019634991089d4f2bd0589?s=96&d=mm&r=g\",\"contentUrl\":\"https:\\\/\\\/secure.gravatar.com\\\/avatar\\\/2072e89d7c16a2d65aefa8c1cb5219796cb238afe7019634991089d4f2bd0589?s=96&d=mm&r=g\",\"caption\":\"Jan\"},\"sameAs\":[\"http:\\\/\\\/united-in-pace.com\"]}]}<\/script>\n<!-- \/ Yoast SEO plugin. -->","yoast_head_json":{"title":"Mein erster Langdistanz-Triathlon 2025 - Der Anfang | UNITED IN PACE","robots":{"index":"index","follow":"follow","max-snippet":"max-snippet:-1","max-image-preview":"max-image-preview:large","max-video-preview":"max-video-preview:-1"},"canonical":"https:\/\/united-in-pace.com\/de\/mein-erster-langdistanz-triathlon-2025-der-trainingsbeginn\/","og_locale":"de_DE","og_type":"article","og_title":"My first long distance triathlon 2025 - The beginning | UNITED IN PACE","og_description":"It&#8217;s November 11, 2025, two weeks into the season. There are 34 weeks to go until Challenge Roth. My preparation for my first long distance starts. After the disappointment of the Frankfurt Marathon, the wounds are not yet fully licked and the result still annoys me. Nevertheless, I am motivated and looking forward to the [&hellip;]","og_url":"https:\/\/united-in-pace.com\/de\/mein-erster-langdistanz-triathlon-2025-der-trainingsbeginn\/","og_site_name":"UNITED IN PACE","article_published_time":"2024-11-11T12:25:33+00:00","article_modified_time":"2024-11-22T13:37:54+00:00","og_image":[{"width":250,"height":250,"url":"https:\/\/united-in-pace.com\/wp-content\/uploads\/2024\/11\/thebeginning-challenge-roth-longdistance-triathlon.png","type":"image\/png"}],"author":"Jan","twitter_card":"summary_large_image","twitter_misc":{"Verfasst von":"Jan","Gesch\u00e4tzte Lesezeit":"4\u00a0Minuten"},"schema":{"@context":"https:\/\/schema.org","@graph":[{"@type":"Article","@id":"https:\/\/united-in-pace.com\/my-first-long-distance-triathlon-2025-the-beginning\/#article","isPartOf":{"@id":"https:\/\/united-in-pace.com\/my-first-long-distance-triathlon-2025-the-beginning\/"},"author":{"name":"Jan","@id":"https:\/\/united-in-pace.com\/#\/schema\/person\/34ccc9181a3cf546c71330e5cce4e11d"},"headline":"My first long distance triathlon 2025 &#8211; The beginning","datePublished":"2024-11-11T12:25:33+00:00","dateModified":"2024-11-22T13:37:54+00:00","mainEntityOfPage":{"@id":"https:\/\/united-in-pace.com\/my-first-long-distance-triathlon-2025-the-beginning\/"},"wordCount":743,"commentCount":0,"publisher":{"@id":"https:\/\/united-in-pace.com\/#organization"},"image":{"@id":"https:\/\/united-in-pace.com\/my-first-long-distance-triathlon-2025-the-beginning\/#primaryimage"},"thumbnailUrl":"https:\/\/i0.wp.com\/united-in-pace.com\/wp-content\/uploads\/2024\/11\/thebeginning-challenge-roth-longdistance-triathlon.png?fit=250%2C250&ssl=1","articleSection":["Athlete's Corner"],"inLanguage":"de","potentialAction":[{"@type":"CommentAction","name":"Comment","target":["https:\/\/united-in-pace.com\/my-first-long-distance-triathlon-2025-the-beginning\/#respond"]}]},{"@type":"WebPage","@id":"https:\/\/united-in-pace.com\/my-first-long-distance-triathlon-2025-the-beginning\/","url":"https:\/\/united-in-pace.com\/my-first-long-distance-triathlon-2025-the-beginning\/","name":"Mein erster Langdistanz-Triathlon 2025 - Der Anfang | UNITED IN PACE","isPartOf":{"@id":"https:\/\/united-in-pace.com\/#website"},"primaryImageOfPage":{"@id":"https:\/\/united-in-pace.com\/my-first-long-distance-triathlon-2025-the-beginning\/#primaryimage"},"image":{"@id":"https:\/\/united-in-pace.com\/my-first-long-distance-triathlon-2025-the-beginning\/#primaryimage"},"thumbnailUrl":"https:\/\/i0.wp.com\/united-in-pace.com\/wp-content\/uploads\/2024\/11\/thebeginning-challenge-roth-longdistance-triathlon.png?fit=250%2C250&ssl=1","datePublished":"2024-11-11T12:25:33+00:00","dateModified":"2024-11-22T13:37:54+00:00","breadcrumb":{"@id":"https:\/\/united-in-pace.com\/my-first-long-distance-triathlon-2025-the-beginning\/#breadcrumb"},"inLanguage":"de","potentialAction":[{"@type":"ReadAction","target":["https:\/\/united-in-pace.com\/my-first-long-distance-triathlon-2025-the-beginning\/"]}]},{"@type":"ImageObject","inLanguage":"de","@id":"https:\/\/united-in-pace.com\/my-first-long-distance-triathlon-2025-the-beginning\/#primaryimage","url":"https:\/\/i0.wp.com\/united-in-pace.com\/wp-content\/uploads\/2024\/11\/thebeginning-challenge-roth-longdistance-triathlon.png?fit=250%2C250&ssl=1","contentUrl":"https:\/\/i0.wp.com\/united-in-pace.com\/wp-content\/uploads\/2024\/11\/thebeginning-challenge-roth-longdistance-triathlon.png?fit=250%2C250&ssl=1","width":250,"height":250,"caption":"Long distance triathlon"},{"@type":"BreadcrumbList","@id":"https:\/\/united-in-pace.com\/my-first-long-distance-triathlon-2025-the-beginning\/#breadcrumb","itemListElement":[{"@type":"ListItem","position":1,"name":"Home","item":"https:\/\/united-in-pace.com\/"},{"@type":"ListItem","position":2,"name":"My first long distance triathlon 2025 &#8211; The beginning"}]},{"@type":"WebSite","@id":"https:\/\/united-in-pace.com\/#website","url":"https:\/\/united-in-pace.com\/","name":"VEREINIGT IM FRIEDEN","description":"Ambitionierte Sportler unterst\u00fctzen","publisher":{"@id":"https:\/\/united-in-pace.com\/#organization"},"potentialAction":[{"@type":"SearchAction","target":{"@type":"EntryPoint","urlTemplate":"https:\/\/united-in-pace.com\/?s={search_term_string}"},"query-input":{"@type":"PropertyValueSpecification","valueRequired":true,"valueName":"search_term_string"}}],"inLanguage":"de"},{"@type":"Organization","@id":"https:\/\/united-in-pace.com\/#organization","name":"VEREINIGT IM FRIEDEN","url":"https:\/\/united-in-pace.com\/","logo":{"@type":"ImageObject","inLanguage":"de","@id":"https:\/\/united-in-pace.com\/#\/schema\/logo\/image\/","url":"https:\/\/i0.wp.com\/united-in-pace.com\/wp-content\/uploads\/2024\/08\/united-in-pace.png?fit=3376%2C3078&ssl=1","contentUrl":"https:\/\/i0.wp.com\/united-in-pace.com\/wp-content\/uploads\/2024\/08\/united-in-pace.png?fit=3376%2C3078&ssl=1","width":3376,"height":3078,"caption":"UNITED IN PACE"},"image":{"@id":"https:\/\/united-in-pace.com\/#\/schema\/logo\/image\/"}},{"@type":"Person","@id":"https:\/\/united-in-pace.com\/#\/schema\/person\/34ccc9181a3cf546c71330e5cce4e11d","name":"Jan","image":{"@type":"ImageObject","inLanguage":"de","@id":"https:\/\/secure.gravatar.com\/avatar\/2072e89d7c16a2d65aefa8c1cb5219796cb238afe7019634991089d4f2bd0589?s=96&d=mm&r=g","url":"https:\/\/secure.gravatar.com\/avatar\/2072e89d7c16a2d65aefa8c1cb5219796cb238afe7019634991089d4f2bd0589?s=96&d=mm&r=g","contentUrl":"https:\/\/secure.gravatar.com\/avatar\/2072e89d7c16a2d65aefa8c1cb5219796cb238afe7019634991089d4f2bd0589?s=96&d=mm&r=g","caption":"Jan"},"sameAs":["http:\/\/united-in-pace.com"]}]}},"_links":{"self":[{"href":"https:\/\/united-in-pace.com\/de\/wp-json\/wp\/v2\/posts\/1167","targetHints":{"allow":["GET"]}}],"collection":[{"href":"https:\/\/united-in-pace.com\/de\/wp-json\/wp\/v2\/posts"}],"about":[{"href":"https:\/\/united-in-pace.com\/de\/wp-json\/wp\/v2\/types\/post"}],"author":[{"embeddable":true,"href":"https:\/\/united-in-pace.com\/de\/wp-json\/wp\/v2\/users\/1"}],"replies":[{"embeddable":true,"href":"https:\/\/united-in-pace.com\/de\/wp-json\/wp\/v2\/comments?post=1167"}],"version-history":[{"count":22,"href":"https:\/\/united-in-pace.com\/de\/wp-json\/wp\/v2\/posts\/1167\/revisions"}],"predecessor-version":[{"id":1670,"href":"https:\/\/united-in-pace.com\/de\/wp-json\/wp\/v2\/posts\/1167\/revisions\/1670"}],"wp:featuredmedia":[{"embeddable":true,"href":"https:\/\/united-in-pace.com\/de\/wp-json\/wp\/v2\/media\/1410"}],"wp:attachment":[{"href":"https:\/\/united-in-pace.com\/de\/wp-json\/wp\/v2\/media?parent=1167"}],"wp:term":[{"taxonomy":"category","embeddable":true,"href":"https:\/\/united-in-pace.com\/de\/wp-json\/wp\/v2\/categories?post=1167"},{"taxonomy":"post_tag","embeddable":true,"href":"https:\/\/united-in-pace.com\/de\/wp-json\/wp\/v2\/tags?post=1167"}],"curies":[{"name":"wp","href":"https:\/\/api.w.org\/{rel}","templated":true}]}}